{"id":6427,"date":"2025-05-30T11:14:40","date_gmt":"2025-05-30T11:14:40","guid":{"rendered":"https:\/\/bgreenfestival.com\/?p=6427"},"modified":"2025-05-30T11:18:53","modified_gmt":"2025-05-30T11:18:53","slug":"6-de-junho-gala-internacional-bgreen","status":"publish","type":"post","link":"https:\/\/bgreenfestival.com\/en\/6-de-junho-gala-internacional-bgreen\/","title":{"rendered":"June 6th, BGREEN Grand Gala"},"content":{"rendered":"<p><img decoding=\"async\" class=\"alignnone wp-image-6319 size-large\" src=\"http:\/\/bgreenfestival.com\/wp-content\/uploads\/2025\/05\/FOTOBACKDROP-FLASHINTERVIEW-562X273_1_10_preview_page-0001-1024x497.jpg\" alt=\"\" width=\"1024\" height=\"497\" srcset=\"http:\/\/bgreenfestival.com\/wp-content\/uploads\/2025\/05\/FOTOBACKDROP-FLASHINTERVIEW-562X273_1_10_preview_page-0001-980x476.jpg 980w, http:\/\/bgreenfestival.com\/wp-content\/uploads\/2025\/05\/FOTOBACKDROP-FLASHINTERVIEW-562X273_1_10_preview_page-0001-480x233.jpg 480w\" sizes=\"(min-width: 0px) and (max-width: 480px) 480px, (min-width: 481px) and (max-width: 980px) 980px, (min-width: 981px) 1024px, 100vw\" \/><\/p>\n<p>We will get to know the grand winners of the 14th edition of bgreen \/\/ ecological film festival on June 6th at 21h00 at F\u00e1brica de Santo Thyrso.<\/p>\n<p>Countries like Croatia, Iceland, Chile, Malta, Italy, Spain, Germany and Norway will be present at the 14th edition\u2019s grand finale. All finalists participate in a cultural program with visits to several points of interest in the north of Portugal and in workshops connected to the areas of sustainable development, global citizenship, communication and audiovisual.<\/p>\n<p>On June 6th we will get to know the winners in the several categories in the competition, namely: the Bgreen Grand Prize, Bgreen Junior, Honorable Mention, Best Making Of, People\u2019s Choice and Alphonse Luisier awards.<\/p>\n<p>The Gala can be followed live on the bgreen website.<\/p>\n<p>Bgreen\u2019s international Gala represents the culmination of a year in which environmental issues mobilized thousands of youngsters from all around the world.<\/p>\n<p>With free entry, this celebration will have the musical collaboration of ARTAVE \u2013 Vale do Ave\u2019s Vocational Artistic School,  Sons do Bairro also Dancers Academy.<\/p>","protected":false},"excerpt":{"rendered":"<p>\u00c9 j\u00e1 no pr\u00f3ximo dia 6 de junho, pelas 21h00, na F\u00e1brica de Santo Thyrso, que vamos ficar a conhecer os grandes vencedores da 14\u00aa Edi\u00e7\u00e3o do bgreen \/\/ ecological film festival. Pa\u00edses como a Cro\u00e1cia, a Isl\u00e2ndia, o Chile, a Malta, a It\u00e1lia, a Espanha, a Alemanha e a Noruega, t\u00eam presen\u00e7a marcada na [&hellip;]<\/p>","protected":false},"author":3,"featured_media":0,"comment_status":"closed","ping_status":"closed","sticky":false,"template":"","format":"standard","meta":{"_et_pb_use_builder":"","_et_pb_old_content":"","_et_gb_content_width":"","inline_featured_image":false,"footnotes":""},"categories":[25,38,1],"tags":[],"acf":[],"yoast_head":"<!-- This site is optimized with the Yoast SEO plugin v20.6 - https:\/\/yoast.com\/wordpress\/plugins\/seo\/ -->\n<title>6 de Junho, Gala Internacional BGREEN BGREEN - ECOLOGICAL FILM FESTIVAL<\/title>\n<meta name=\"description\" content=\"A Gala Internacional BGREEN \u00e9 o A 6 de junho vamos ficar a saber quem s\u00e3o os grandes vencedores nas v\u00e1rias categorias a concurso: Grande Pr\u00e9mio bgreen, bgreen J\u00fanior, Men\u00e7\u00e3o Honrosa, Melhor Making-Of, Pr\u00e9mio do P\u00fablico e Pr\u00e9mio Alphonse Luisier.\" \/>\n<meta name=\"robots\" content=\"index, follow, max-snippet:-1, max-image-preview:large, max-video-preview:-1\" \/>\n<link rel=\"canonical\" href=\"https:\/\/bgreenfestival.com\/en\/6-de-junho-gala-internacional-bgreen\/\" \/>\n<meta property=\"og:locale\" content=\"en_GB\" \/>\n<meta property=\"og:type\" content=\"article\" \/>\n<meta property=\"og:title\" content=\"6 de Junho, Gala Internacional BGREEN BGREEN - ECOLOGICAL FILM FESTIVAL\" \/>\n<meta property=\"og:description\" content=\"A Gala Internacional BGREEN \u00e9 o A 6 de junho vamos ficar a saber quem s\u00e3o os grandes vencedores nas v\u00e1rias categorias a concurso: Grande Pr\u00e9mio bgreen, bgreen J\u00fanior, Men\u00e7\u00e3o Honrosa, Melhor Making-Of, Pr\u00e9mio do P\u00fablico e Pr\u00e9mio Alphonse Luisier.\" \/>\n<meta property=\"og:url\" content=\"https:\/\/bgreenfestival.com\/en\/6-de-junho-gala-internacional-bgreen\/\" \/>\n<meta property=\"og:site_name\" content=\"BGREEN - ECOLOGICAL FILM FESTIVAL\" \/>\n<meta property=\"article:published_time\" content=\"2025-05-30T11:14:40+00:00\" \/>\n<meta property=\"article:modified_time\" content=\"2025-05-30T11:18:53+00:00\" \/>\n<meta property=\"og:image\" content=\"http:\/\/bgreenfestival.com\/wp-content\/uploads\/2025\/05\/FOTOBACKDROP-FLASHINTERVIEW-562X273_1_10_preview_page-0001-1024x497.jpg\" \/>\n<meta name=\"author\" content=\"bgreen\" \/>\n<meta name=\"twitter:card\" content=\"summary_large_image\" \/>\n<meta name=\"twitter:label1\" content=\"Written by\" \/>\n\t<meta name=\"twitter:data1\" content=\"bgreen\" \/>\n\t<meta name=\"twitter:label2\" content=\"Estimated reading time\" \/>\n\t<meta name=\"twitter:data2\" content=\"2 minutes\" \/>\n<script type=\"application\/ld+json\" class=\"yoast-schema-graph\">{\"@context\":\"https:\/\/schema.org\",\"@graph\":[{\"@type\":\"WebPage\",\"@id\":\"https:\/\/bgreenfestival.com\/6-de-junho-gala-internacional-bgreen\/\",\"url\":\"https:\/\/bgreenfestival.com\/6-de-junho-gala-internacional-bgreen\/\",\"name\":\"6 de Junho, Gala Internacional BGREEN BGREEN - ECOLOGICAL FILM FESTIVAL\",\"isPartOf\":{\"@id\":\"https:\/\/bgreenfestival.com\/#website\"},\"datePublished\":\"2025-05-30T11:14:40+00:00\",\"dateModified\":\"2025-05-30T11:18:53+00:00\",\"author\":{\"@id\":\"https:\/\/bgreenfestival.com\/#\/schema\/person\/0ba86876058d4a28af465c8301c9e18c\"},\"description\":\"A Gala Internacional BGREEN \u00e9 o A 6 de junho vamos ficar a saber quem s\u00e3o os grandes vencedores nas v\u00e1rias categorias a concurso: Grande Pr\u00e9mio bgreen, bgreen J\u00fanior, Men\u00e7\u00e3o Honrosa, Melhor Making-Of, Pr\u00e9mio do P\u00fablico e Pr\u00e9mio Alphonse Luisier.\",\"breadcrumb\":{\"@id\":\"https:\/\/bgreenfestival.com\/6-de-junho-gala-internacional-bgreen\/#breadcrumb\"},\"inLanguage\":\"en-GB\",\"potentialAction\":[{\"@type\":\"ReadAction\",\"target\":[\"https:\/\/bgreenfestival.com\/6-de-junho-gala-internacional-bgreen\/\"]}]},{\"@type\":\"BreadcrumbList\",\"@id\":\"https:\/\/bgreenfestival.com\/6-de-junho-gala-internacional-bgreen\/#breadcrumb\",\"itemListElement\":[{\"@type\":\"ListItem\",\"position\":1,\"name\":\"In\u00edcio\",\"item\":\"https:\/\/bgreenfestival.com\/\"},{\"@type\":\"ListItem\",\"position\":2,\"name\":\"6 de Junho, Gala Internacional BGREEN\"}]},{\"@type\":\"WebSite\",\"@id\":\"https:\/\/bgreenfestival.com\/#website\",\"url\":\"https:\/\/bgreenfestival.com\/\",\"name\":\"BGREEN - ECOLOGICAL FILM FESTIVAL\",\"description\":\"bgreen \/\/ ecological film festival\",\"potentialAction\":[{\"@type\":\"SearchAction\",\"target\":{\"@type\":\"EntryPoint\",\"urlTemplate\":\"https:\/\/bgreenfestival.com\/?s={search_term_string}\"},\"query-input\":\"required name=search_term_string\"}],\"inLanguage\":\"en-GB\"},{\"@type\":\"Person\",\"@id\":\"https:\/\/bgreenfestival.com\/#\/schema\/person\/0ba86876058d4a28af465c8301c9e18c\",\"name\":\"bgreen\",\"url\":\"https:\/\/bgreenfestival.com\/en\/author\/bgreen\/\"}]}<\/script>\n<!-- \/ Yoast SEO plugin. -->","yoast_head_json":{"title":"6 de Junho, Gala Internacional BGREEN BGREEN - ECOLOGICAL FILM FESTIVAL","description":"A Gala Internacional BGREEN \u00e9 o A 6 de junho vamos ficar a saber quem s\u00e3o os grandes vencedores nas v\u00e1rias categorias a concurso: Grande Pr\u00e9mio bgreen, bgreen J\u00fanior, Men\u00e7\u00e3o Honrosa, Melhor Making-Of, Pr\u00e9mio do P\u00fablico e Pr\u00e9mio Alphonse Luisier.","robots":{"index":"index","follow":"follow","max-snippet":"max-snippet:-1","max-image-preview":"max-image-preview:large","max-video-preview":"max-video-preview:-1"},"canonical":"https:\/\/bgreenfestival.com\/en\/6-de-junho-gala-internacional-bgreen\/","og_locale":"en_GB","og_type":"article","og_title":"6 de Junho, Gala Internacional BGREEN BGREEN - ECOLOGICAL FILM FESTIVAL","og_description":"A Gala Internacional BGREEN \u00e9 o A 6 de junho vamos ficar a saber quem s\u00e3o os grandes vencedores nas v\u00e1rias categorias a concurso: Grande Pr\u00e9mio bgreen, bgreen J\u00fanior, Men\u00e7\u00e3o Honrosa, Melhor Making-Of, Pr\u00e9mio do P\u00fablico e Pr\u00e9mio Alphonse Luisier.","og_url":"https:\/\/bgreenfestival.com\/en\/6-de-junho-gala-internacional-bgreen\/","og_site_name":"BGREEN - ECOLOGICAL FILM FESTIVAL","article_published_time":"2025-05-30T11:14:40+00:00","article_modified_time":"2025-05-30T11:18:53+00:00","og_image":[{"url":"http:\/\/bgreenfestival.com\/wp-content\/uploads\/2025\/05\/FOTOBACKDROP-FLASHINTERVIEW-562X273_1_10_preview_page-0001-1024x497.jpg"}],"author":"bgreen","twitter_card":"summary_large_image","twitter_misc":{"Written by":"bgreen","Estimated reading time":"2 minutes"},"schema":{"@context":"https:\/\/schema.org","@graph":[{"@type":"WebPage","@id":"https:\/\/bgreenfestival.com\/6-de-junho-gala-internacional-bgreen\/","url":"https:\/\/bgreenfestival.com\/6-de-junho-gala-internacional-bgreen\/","name":"6 de Junho, Gala Internacional BGREEN BGREEN - ECOLOGICAL FILM FESTIVAL","isPartOf":{"@id":"https:\/\/bgreenfestival.com\/#website"},"datePublished":"2025-05-30T11:14:40+00:00","dateModified":"2025-05-30T11:18:53+00:00","author":{"@id":"https:\/\/bgreenfestival.com\/#\/schema\/person\/0ba86876058d4a28af465c8301c9e18c"},"description":"A Gala Internacional BGREEN \u00e9 o A 6 de junho vamos ficar a saber quem s\u00e3o os grandes vencedores nas v\u00e1rias categorias a concurso: Grande Pr\u00e9mio bgreen, bgreen J\u00fanior, Men\u00e7\u00e3o Honrosa, Melhor Making-Of, Pr\u00e9mio do P\u00fablico e Pr\u00e9mio Alphonse Luisier.","breadcrumb":{"@id":"https:\/\/bgreenfestival.com\/6-de-junho-gala-internacional-bgreen\/#breadcrumb"},"inLanguage":"en-GB","potentialAction":[{"@type":"ReadAction","target":["https:\/\/bgreenfestival.com\/6-de-junho-gala-internacional-bgreen\/"]}]},{"@type":"BreadcrumbList","@id":"https:\/\/bgreenfestival.com\/6-de-junho-gala-internacional-bgreen\/#breadcrumb","itemListElement":[{"@type":"ListItem","position":1,"name":"In\u00edcio","item":"https:\/\/bgreenfestival.com\/"},{"@type":"ListItem","position":2,"name":"6 de Junho, Gala Internacional BGREEN"}]},{"@type":"WebSite","@id":"https:\/\/bgreenfestival.com\/#website","url":"https:\/\/bgreenfestival.com\/","name":"BGREEN - ECOLOGICAL FILM FESTIVAL","description":"bgreen \/\/ ecological film festival","potentialAction":[{"@type":"SearchAction","target":{"@type":"EntryPoint","urlTemplate":"https:\/\/bgreenfestival.com\/?s={search_term_string}"},"query-input":"required name=search_term_string"}],"inLanguage":"en-GB"},{"@type":"Person","@id":"https:\/\/bgreenfestival.com\/#\/schema\/person\/0ba86876058d4a28af465c8301c9e18c","name":"bgreen","url":"https:\/\/bgreenfestival.com\/en\/author\/bgreen\/"}]}},"_links":{"self":[{"href":"https:\/\/bgreenfestival.com\/en\/wp-json\/wp\/v2\/posts\/6427"}],"collection":[{"href":"https:\/\/bgreenfestival.com\/en\/wp-json\/wp\/v2\/posts"}],"about":[{"href":"https:\/\/bgreenfestival.com\/en\/wp-json\/wp\/v2\/types\/post"}],"author":[{"embeddable":true,"href":"https:\/\/bgreenfestival.com\/en\/wp-json\/wp\/v2\/users\/3"}],"replies":[{"embeddable":true,"href":"https:\/\/bgreenfestival.com\/en\/wp-json\/wp\/v2\/comments?post=6427"}],"version-history":[{"count":2,"href":"https:\/\/bgreenfestival.com\/en\/wp-json\/wp\/v2\/posts\/6427\/revisions"}],"predecessor-version":[{"id":6431,"href":"https:\/\/bgreenfestival.com\/en\/wp-json\/wp\/v2\/posts\/6427\/revisions\/6431"}],"wp:attachment":[{"href":"https:\/\/bgreenfestival.com\/en\/wp-json\/wp\/v2\/media?parent=6427"}],"wp:term":[{"taxonomy":"category","embeddable":true,"href":"https:\/\/bgreenfestival.com\/en\/wp-json\/wp\/v2\/categories?post=6427"},{"taxonomy":"post_tag","embeddable":true,"href":"https:\/\/bgreenfestival.com\/en\/wp-json\/wp\/v2\/tags?post=6427"}],"curies":[{"name":"wp","href":"https:\/\/api.w.org\/{rel}","templated":true}]}}