{"id":6250,"date":"2024-06-06T19:16:03","date_gmt":"2024-06-06T19:16:03","guid":{"rendered":"https:\/\/bgreenfestival.com\/?p=6250"},"modified":"2024-06-06T19:16:03","modified_gmt":"2024-06-06T19:16:03","slug":"mensagem-do-sr-presidente-da-camara-municipal-de-vila-nova-de-famalicao","status":"publish","type":"post","link":"https:\/\/bgreenfestival.com\/en\/mensagem-do-sr-presidente-da-camara-municipal-de-vila-nova-de-famalicao\/","title":{"rendered":"Mensagem do Sr. Presidente da C\u00e2mara Municipal de Vila Nova de Famalic\u00e3o"},"content":{"rendered":"<p><strong>Bgreen: um projeto de sucesso!<\/strong><\/p>\n<p><strong>\u00c9 com grande satisfa\u00e7\u00e3o que o Munic\u00edpio de Vila Nova de Famalic\u00e3o se associa a mais uma Gala Bgreen &#8211; Ecological Film Festival<\/strong>, uma <strong>grande iniciativa da OFICINA &#8211; Escola Profissional<\/strong>\u00a0que conta com o apoio da C\u00e2mara Municipal desde a primeira hora.<\/p>\n<p>Estamos perante um projeto educativo cujo sucesso \u00e9 ineg\u00e1vel: com um percurso de 13 anos, o Bgreen j\u00e1 contou com a participa\u00e7\u00e3o de<strong> 31 pa\u00edses, 800 escolas e cerca de 12 mil alunos.<\/strong><\/p>\n<p>S\u00e3o n\u00fameros que atestam o profissionalismo do festival, mas que acima de tudo representam bem a forma como os jovens est\u00e3o mobilizados e sensibilizados para as quest\u00f5es ambientais.<\/p>\n<p>N\u00e3o fazia, por isso, sentido para um Munic\u00edpio como o de Vila Nova de Famalic\u00e3o &#8211; que diariamente se esfor\u00e7a para a constru\u00e7\u00e3o de um territ\u00f3rio mais sustent\u00e1vel e ecol\u00f3gico \u2013 n\u00e3o ser parte deste projeto de sucesso. Estamos cada vez mais empenhados em garantir que deixamos um planeta melhor para as pr\u00f3ximas gera\u00e7\u00f5es e o Bgreen &#8211; Ecological Film Festival \u00e9 um grande parceiro neste grande desafio.<\/p>\n<p>Parab\u00e9ns, por isso, \u00e0 equipa do Bgreen e muitos parab\u00e9ns tamb\u00e9m a todos os participantes desta edi\u00e7\u00e3o do festival.<\/p>\n<p><strong>M\u00e1rio Passos<\/strong><\/p>\n<p>Presidente da C\u00e2mara Municipal de Vila Nova de Famalic\u00e3o<\/p>","protected":false},"excerpt":{"rendered":"<p>Bgreen: um projeto de sucesso! \u00c9 com grande satisfa\u00e7\u00e3o que o Munic\u00edpio de Vila Nova de Famalic\u00e3o se associa a mais uma Gala Bgreen &#8211; Ecological Film Festival, uma grande iniciativa da OFICINA &#8211; Escola Profissional\u00a0que conta com o apoio da C\u00e2mara Municipal desde a primeira hora. Estamos perante um projeto educativo cujo sucesso \u00e9 [&hellip;]<\/p>","protected":false},"author":3,"featured_media":0,"comment_status":"closed","ping_status":"closed","sticky":false,"template":"","format":"standard","meta":{"_et_pb_use_builder":"","_et_pb_old_content":"","_et_gb_content_width":"","inline_featured_image":false,"footnotes":""},"categories":[25,38],"tags":[],"acf":[],"yoast_head":"<!-- This site is optimized with the Yoast SEO plugin v20.6 - https:\/\/yoast.com\/wordpress\/plugins\/seo\/ -->\n<title>Mensagem do Sr. Presidente da C\u00e2mara Municipal de Vila Nova de Famalic\u00e3o - BGREEN - ECOLOGICAL FILM FESTIVAL<\/title>\n<meta name=\"robots\" content=\"index, follow, max-snippet:-1, max-image-preview:large, max-video-preview:-1\" \/>\n<link rel=\"canonical\" href=\"https:\/\/bgreenfestival.com\/en\/mensagem-do-sr-presidente-da-camara-municipal-de-vila-nova-de-famalicao\/\" \/>\n<meta property=\"og:locale\" content=\"en_GB\" \/>\n<meta property=\"og:type\" content=\"article\" \/>\n<meta property=\"og:title\" content=\"Mensagem do Sr. Presidente da C\u00e2mara Municipal de Vila Nova de Famalic\u00e3o - BGREEN - ECOLOGICAL FILM FESTIVAL\" \/>\n<meta property=\"og:description\" content=\"Bgreen: um projeto de sucesso! \u00c9 com grande satisfa\u00e7\u00e3o que o Munic\u00edpio de Vila Nova de Famalic\u00e3o se associa a mais uma Gala Bgreen &#8211; Ecological Film Festival, uma grande iniciativa da OFICINA &#8211; Escola Profissional\u00a0que conta com o apoio da C\u00e2mara Municipal desde a primeira hora. Estamos perante um projeto educativo cujo sucesso \u00e9 [&hellip;]\" \/>\n<meta property=\"og:url\" content=\"https:\/\/bgreenfestival.com\/en\/mensagem-do-sr-presidente-da-camara-municipal-de-vila-nova-de-famalicao\/\" \/>\n<meta property=\"og:site_name\" content=\"BGREEN - ECOLOGICAL FILM FESTIVAL\" \/>\n<meta property=\"article:published_time\" content=\"2024-06-06T19:16:03+00:00\" \/>\n<meta name=\"author\" content=\"bgreen\" \/>\n<meta name=\"twitter:card\" content=\"summary_large_image\" \/>\n<meta name=\"twitter:label1\" content=\"Written by\" \/>\n\t<meta name=\"twitter:data1\" content=\"bgreen\" \/>\n\t<meta name=\"twitter:label2\" content=\"Estimated reading time\" \/>\n\t<meta name=\"twitter:data2\" content=\"1 minute\" \/>\n<script type=\"application\/ld+json\" class=\"yoast-schema-graph\">{\"@context\":\"https:\/\/schema.org\",\"@graph\":[{\"@type\":\"WebPage\",\"@id\":\"https:\/\/bgreenfestival.com\/mensagem-do-sr-presidente-da-camara-municipal-de-vila-nova-de-famalicao\/\",\"url\":\"https:\/\/bgreenfestival.com\/mensagem-do-sr-presidente-da-camara-municipal-de-vila-nova-de-famalicao\/\",\"name\":\"Mensagem do Sr. Presidente da C\u00e2mara Municipal de Vila Nova de Famalic\u00e3o - BGREEN - ECOLOGICAL FILM FESTIVAL\",\"isPartOf\":{\"@id\":\"https:\/\/bgreenfestival.com\/#website\"},\"datePublished\":\"2024-06-06T19:16:03+00:00\",\"dateModified\":\"2024-06-06T19:16:03+00:00\",\"author\":{\"@id\":\"https:\/\/bgreenfestival.com\/#\/schema\/person\/0ba86876058d4a28af465c8301c9e18c\"},\"breadcrumb\":{\"@id\":\"https:\/\/bgreenfestival.com\/mensagem-do-sr-presidente-da-camara-municipal-de-vila-nova-de-famalicao\/#breadcrumb\"},\"inLanguage\":\"en-GB\",\"potentialAction\":[{\"@type\":\"ReadAction\",\"target\":[\"https:\/\/bgreenfestival.com\/mensagem-do-sr-presidente-da-camara-municipal-de-vila-nova-de-famalicao\/\"]}]},{\"@type\":\"BreadcrumbList\",\"@id\":\"https:\/\/bgreenfestival.com\/mensagem-do-sr-presidente-da-camara-municipal-de-vila-nova-de-famalicao\/#breadcrumb\",\"itemListElement\":[{\"@type\":\"ListItem\",\"position\":1,\"name\":\"In\u00edcio\",\"item\":\"https:\/\/bgreenfestival.com\/\"},{\"@type\":\"ListItem\",\"position\":2,\"name\":\"Mensagem do Sr. Presidente da C\u00e2mara Municipal de Vila Nova de Famalic\u00e3o\"}]},{\"@type\":\"WebSite\",\"@id\":\"https:\/\/bgreenfestival.com\/#website\",\"url\":\"https:\/\/bgreenfestival.com\/\",\"name\":\"BGREEN - ECOLOGICAL FILM FESTIVAL\",\"description\":\"bgreen \/\/ ecological film festival\",\"potentialAction\":[{\"@type\":\"SearchAction\",\"target\":{\"@type\":\"EntryPoint\",\"urlTemplate\":\"https:\/\/bgreenfestival.com\/?s={search_term_string}\"},\"query-input\":\"required name=search_term_string\"}],\"inLanguage\":\"en-GB\"},{\"@type\":\"Person\",\"@id\":\"https:\/\/bgreenfestival.com\/#\/schema\/person\/0ba86876058d4a28af465c8301c9e18c\",\"name\":\"bgreen\",\"url\":\"https:\/\/bgreenfestival.com\/en\/author\/bgreen\/\"}]}<\/script>\n<!-- \/ Yoast SEO plugin. -->","yoast_head_json":{"title":"Mensagem do Sr. Presidente da C\u00e2mara Municipal de Vila Nova de Famalic\u00e3o - BGREEN - ECOLOGICAL FILM FESTIVAL","robots":{"index":"index","follow":"follow","max-snippet":"max-snippet:-1","max-image-preview":"max-image-preview:large","max-video-preview":"max-video-preview:-1"},"canonical":"https:\/\/bgreenfestival.com\/en\/mensagem-do-sr-presidente-da-camara-municipal-de-vila-nova-de-famalicao\/","og_locale":"en_GB","og_type":"article","og_title":"Mensagem do Sr. Presidente da C\u00e2mara Municipal de Vila Nova de Famalic\u00e3o - BGREEN - ECOLOGICAL FILM FESTIVAL","og_description":"Bgreen: um projeto de sucesso! \u00c9 com grande satisfa\u00e7\u00e3o que o Munic\u00edpio de Vila Nova de Famalic\u00e3o se associa a mais uma Gala Bgreen &#8211; Ecological Film Festival, uma grande iniciativa da OFICINA &#8211; Escola Profissional\u00a0que conta com o apoio da C\u00e2mara Municipal desde a primeira hora. Estamos perante um projeto educativo cujo sucesso \u00e9 [&hellip;]","og_url":"https:\/\/bgreenfestival.com\/en\/mensagem-do-sr-presidente-da-camara-municipal-de-vila-nova-de-famalicao\/","og_site_name":"BGREEN - ECOLOGICAL FILM FESTIVAL","article_published_time":"2024-06-06T19:16:03+00:00","author":"bgreen","twitter_card":"summary_large_image","twitter_misc":{"Written by":"bgreen","Estimated reading time":"1 minute"},"schema":{"@context":"https:\/\/schema.org","@graph":[{"@type":"WebPage","@id":"https:\/\/bgreenfestival.com\/mensagem-do-sr-presidente-da-camara-municipal-de-vila-nova-de-famalicao\/","url":"https:\/\/bgreenfestival.com\/mensagem-do-sr-presidente-da-camara-municipal-de-vila-nova-de-famalicao\/","name":"Mensagem do Sr. Presidente da C\u00e2mara Municipal de Vila Nova de Famalic\u00e3o - BGREEN - ECOLOGICAL FILM FESTIVAL","isPartOf":{"@id":"https:\/\/bgreenfestival.com\/#website"},"datePublished":"2024-06-06T19:16:03+00:00","dateModified":"2024-06-06T19:16:03+00:00","author":{"@id":"https:\/\/bgreenfestival.com\/#\/schema\/person\/0ba86876058d4a28af465c8301c9e18c"},"breadcrumb":{"@id":"https:\/\/bgreenfestival.com\/mensagem-do-sr-presidente-da-camara-municipal-de-vila-nova-de-famalicao\/#breadcrumb"},"inLanguage":"en-GB","potentialAction":[{"@type":"ReadAction","target":["https:\/\/bgreenfestival.com\/mensagem-do-sr-presidente-da-camara-municipal-de-vila-nova-de-famalicao\/"]}]},{"@type":"BreadcrumbList","@id":"https:\/\/bgreenfestival.com\/mensagem-do-sr-presidente-da-camara-municipal-de-vila-nova-de-famalicao\/#breadcrumb","itemListElement":[{"@type":"ListItem","position":1,"name":"In\u00edcio","item":"https:\/\/bgreenfestival.com\/"},{"@type":"ListItem","position":2,"name":"Mensagem do Sr. Presidente da C\u00e2mara Municipal de Vila Nova de Famalic\u00e3o"}]},{"@type":"WebSite","@id":"https:\/\/bgreenfestival.com\/#website","url":"https:\/\/bgreenfestival.com\/","name":"BGREEN - ECOLOGICAL FILM FESTIVAL","description":"bgreen \/\/ ecological film festival","potentialAction":[{"@type":"SearchAction","target":{"@type":"EntryPoint","urlTemplate":"https:\/\/bgreenfestival.com\/?s={search_term_string}"},"query-input":"required name=search_term_string"}],"inLanguage":"en-GB"},{"@type":"Person","@id":"https:\/\/bgreenfestival.com\/#\/schema\/person\/0ba86876058d4a28af465c8301c9e18c","name":"bgreen","url":"https:\/\/bgreenfestival.com\/en\/author\/bgreen\/"}]}},"_links":{"self":[{"href":"https:\/\/bgreenfestival.com\/en\/wp-json\/wp\/v2\/posts\/6250"}],"collection":[{"href":"https:\/\/bgreenfestival.com\/en\/wp-json\/wp\/v2\/posts"}],"about":[{"href":"https:\/\/bgreenfestival.com\/en\/wp-json\/wp\/v2\/types\/post"}],"author":[{"embeddable":true,"href":"https:\/\/bgreenfestival.com\/en\/wp-json\/wp\/v2\/users\/3"}],"replies":[{"embeddable":true,"href":"https:\/\/bgreenfestival.com\/en\/wp-json\/wp\/v2\/comments?post=6250"}],"version-history":[{"count":1,"href":"https:\/\/bgreenfestival.com\/en\/wp-json\/wp\/v2\/posts\/6250\/revisions"}],"predecessor-version":[{"id":6251,"href":"https:\/\/bgreenfestival.com\/en\/wp-json\/wp\/v2\/posts\/6250\/revisions\/6251"}],"wp:attachment":[{"href":"https:\/\/bgreenfestival.com\/en\/wp-json\/wp\/v2\/media?parent=6250"}],"wp:term":[{"taxonomy":"category","embeddable":true,"href":"https:\/\/bgreenfestival.com\/en\/wp-json\/wp\/v2\/categories?post=6250"},{"taxonomy":"post_tag","embeddable":true,"href":"https:\/\/bgreenfestival.com\/en\/wp-json\/wp\/v2\/tags?post=6250"}],"curies":[{"name":"wp","href":"https:\/\/api.w.org\/{rel}","templated":true}]}}